{"id":10007,"date":"2020-12-21T07:37:58","date_gmt":"2020-12-21T07:37:58","guid":{"rendered":"https:\/\/gefico.com\/?p=10007"},"modified":"2020-12-21T07:50:12","modified_gmt":"2020-12-21T07:50:12","slug":"gsv-nueva-delegacion-de-gefico-en-el-puerto-de-vigo","status":"publish","type":"post","link":"https:\/\/gefico.com\/index.php\/2020\/12\/21\/gsv-nueva-delegacion-de-gefico-en-el-puerto-de-vigo\/","title":{"rendered":"GSV, NUEVA DELEGACI\u00d3N DE GEFICO EN EL PUERTO DE VIGO"},"content":{"rendered":"\n\n\n\n[et_pb_section fb_built=\u00bb1&#8243; admin_label=\u00bbSubscription Section\u00bb _builder_version=\u00bb4.4.7&#8243; use_background_color_gradient=\u00bbon\u00bb background_color_gradient_start=\u00bbrgba(0,0,0,0.68)\u00bb background_color_gradient_end=\u00bbrgba(0,0,0,0.62)\u00bb background_color_gradient_overlays_image=\u00bbon\u00bb background_image=\u00bbhttps:\/\/gefico.com\/wp-content\/uploads\/2020\/06\/4-2-scaled-1.jpg\u00bb custom_padding=\u00bb159px||47px|||\u00bb filter_saturate=\u00bb152%\u00bb filter_brightness=\u00bb108%\u00bb da_is_popup=\u00bboff\u00bb da_exit_intent=\u00bboff\u00bb da_has_close=\u00bbon\u00bb da_alt_close=\u00bboff\u00bb da_dark_close=\u00bboff\u00bb da_not_modal=\u00bbon\u00bb da_is_singular=\u00bboff\u00bb da_with_loader=\u00bboff\u00bb da_has_shadow=\u00bbon\u00bb da_disable_devices=\u00bboff|off|off\u00bb][\/et_pb_section][et_pb_section fb_built=\u00bb1&#8243; _builder_version=\u00bb4.4.4&#8243; da_is_popup=\u00bboff\u00bb da_exit_intent=\u00bboff\u00bb da_has_close=\u00bbon\u00bb da_alt_close=\u00bboff\u00bb da_dark_close=\u00bboff\u00bb da_not_modal=\u00bbon\u00bb da_is_singular=\u00bboff\u00bb da_with_loader=\u00bboff\u00bb da_has_shadow=\u00bbon\u00bb da_disable_devices=\u00bboff|off|off\u00bb][et_pb_row _builder_version=\u00bb4.4.7&#8243; custom_margin=\u00bb0px|auto||auto||\u00bb custom_margin_tablet=\u00bb20px||||false|false\u00bb custom_margin_phone=\u00bb50px|auto||auto|false|false\u00bb custom_margin_last_edited=\u00bbon|phone\u00bb][et_pb_column type=\u00bb4_4&#8243; _builder_version=\u00bb4.4.4&#8243;][et_pb_image src=\u00bbhttps:\/\/gefico.com\/wp-content\/uploads\/2020\/12\/Exposicion-GSV_2.jpg\u00bb title_text=\u00bbExposici\u00f3n GSV_2&#8243; _builder_version=\u00bb4.4.7&#8243;][\/et_pb_image][et_pb_text _builder_version=\u00bb4.4.7&#8243; text_font=\u00bb||||||||\u00bb text_font_size=\u00bb17px\u00bb text_line_height=\u00bb1.8em\u00bb header_2_font=\u00bb||||||||\u00bb header_2_text_color=\u00bb#0033a1&#8243; custom_margin=\u00bb3px|||||\u00bb hover_enabled=\u00bb0&#8243;]<h1 style=\"text-align: justify;\">GSV, nueva delegaci\u00f3n de Gefico en el puerto de Vigo<\/h1>\n<p style=\"text-align: justify;\"><span lang=\"EN-US\"><\/span><\/p>\n<p style=\"text-align: justify;\">M\u00e1s de 40 a\u00f1os de singladura acompa\u00f1an a Gefico en la industria de la potabilizaci\u00f3n y tratamiento de aguas. Una empresa familiar que iniciaba su andadura en 1979, con el firme deseo de dar servicio al sector pesquero. Y que ha hecho de la robustez, sencillez y calidad de sus equipos, se\u00f1a de identidad y prestigio de la marca en todo el mundo.<\/p>\n<p style=\"text-align: justify;\">40 a\u00f1os que han dado para mucho: desde abrirse hueco con humildad en el mercado, a llegar a ser la \u00fanica compa\u00f1\u00eda auxiliar del naval, capaz de dise\u00f1ar y fabricar soluciones de desalinizaci\u00f3n a trav\u00e9s de las tres principales tecnolog\u00edas existentes: evaporaci\u00f3n t\u00e9rmica, \u00f3smosis inversa, y evaporaci\u00f3n por compresi\u00f3n mec\u00e1nica de vapor.<\/p>\n<p style=\"text-align: justify;\">Pero en Gefico saben tambi\u00e9n aquello de que \u201cagua pasada, no mueve molino\u201d. Por esta raz\u00f3n, se esfuerzan d\u00eda a d\u00eda por seguir aportando valor a sus principales stakeholders en el sector mar\u00edtimo: armadores, ingenier\u00edas y astilleros. Para ello, trabajan en dos direcciones: invirtiendo en investigaci\u00f3n y desarrollo de nuevas tecnolog\u00edas, y proporcionando un servicio cercano, r\u00e1pido y eficaz. Y ha sido esto lo que los ha motivado a implantarse directamente en el puerto de Vigo.<\/p>\n<p style=\"text-align: justify;\">As\u00ed, y aprovechando las sinergias existentes entre diversas marcas punteras en el sector mar\u00edtimo, nace <strong>GSV<\/strong>, empresa con vocaci\u00f3n de servicio, desde cuyas instalaciones situadas en la calle Marqu\u00e9s de Valterra 27, se ofrece un abanico de soluciones muy completo. Este incluye equipos y productos de empresas como Delitek, RWO Veolia, Atlas Incinerators y CJC, entre otras, adem\u00e1s de los evaporadores Aquamar y equipos de \u00f3smosis inversa Gefico, ya presentes en la mayor parte de la flota viguesa. Asimismo, la compa\u00f1\u00eda cuenta con un amplio stock de tuber\u00eda y accesorios de CuNi, para proporcionar un r\u00e1pido servicio a astilleros, fundamental en reparaciones y retrofits de buques.<\/p>\n<p style=\"text-align: justify;\"><em><\/em><\/p>[\/et_pb_text][et_pb_image src=\u00bbhttps:\/\/gefico.com\/wp-content\/uploads\/2020\/12\/Exposicion-GSV_4-scaled.jpg\u00bb title_text=\u00bbExposici\u00f3n GSV_4&#8243; _builder_version=\u00bb4.4.7&#8243; hover_enabled=\u00bb0&#8243;][\/et_pb_image][et_pb_text _builder_version=\u00bb4.4.7&#8243; hover_enabled=\u00bb0&#8243; text_font_size=\u00bb17px\u00bb text_line_height=\u00bb1.8em\u00bb]<h2>El Equipo<\/h2>\n<p style=\"text-align: justify;\">Al frente del equipo de <strong>GSV<\/strong> se encuentra Ignacio Rom\u00e1n, profesional con una dilatada trayectoria en el sector mar\u00edtimo de la zona y gran conocedor del portfolio ahora disponible. <em>\u201cNuestro compromiso con la pesca y la acuicultura va m\u00e1s all\u00e1 del \u00e1mbito mar\u00edtimo. La industria transformadora existente, como las conserveras, las empresas transformadoras de pescados y mariscos, etc., requieren un adecuado tratamiento de agua potable y gesti\u00f3n de aguas residuales. Para todo esto, aportamos soluciones que mejorar\u00e1n la eficiencia y rentabilidad de las instalaciones\u201d<\/em> \u2013 asegura Rom\u00e1n.<\/p>\n<p style=\"text-align: justify;\">Vigo es la mayor ciudad de Galicia. Su historia siempre ha estado vinculada al mar y a la pesca. Hoy en d\u00eda, su puerto es uno de los m\u00e1s grandes e importantes del mundo en el sector pesquero y constituye un nodo log\u00edstico estrat\u00e9gico en el noroeste peninsular, con un importante tr\u00e1fico mar\u00edtimo de toda \u00edndole, desde cargueros a cruceros.<\/p>\n<p style=\"text-align: justify;\"><em>\u201cEl crecimiento de Gefico ha sido muy notorio en los \u00faltimos a\u00f1os permiti\u00e9ndonos, actualmente, garantizar un servicio de calidad en todo el mundo a trav\u00e9s de 60 delegaciones, en 49 pa\u00edses. Pero ten\u00edamos una deuda pendiente con Vigo, ciudad que tanto nos ha dado y a la que ahora rendimos nuestro particular homenaje. Estamos muy ilusionados con la apertura de <strong>GSV<\/strong>, desde donde esperamos contribuir con nuestro granito de arena a que la pesca siga siendo un motor esencial para la econom\u00eda gallega\u201d<\/em> \u2013 afirma \u00c1lvaro Fraguela, Director Comercial de Gefico.<\/p>\n<p style=\"text-align: justify;\">La incertidumbre causada por la situaci\u00f3n pand\u00e9mica actual no ha impedido la apertura de esta nueva delegaci\u00f3n en la zona de O Berb\u00e9s, con el prop\u00f3sito de estar m\u00e1s cerca que nunca de un mercado que demanda dinamismo y proximidad. Y con la misma ilusi\u00f3n que transmite el dicho: <em>\u201cEncontrar un buen compa\u00f1ero de pesca, es encontrar un amigo para toda la vida\u201d.<\/em><\/p>\n[\/et_pb_text][et_pb_button button_url=\u00bb\/index.php\/news\/\u00bb button_text=\u00bbBack to news\u00bb _builder_version=\u00bb4.4.7&#8243; custom_button=\u00bbon\u00bb button_text_size=\u00bb19px\u00bb button_border_width=\u00bb0px\u00bb button_icon=\u00bb%%41%%\u00bb button_icon_placement=\u00bbleft\u00bb button_on_hover=\u00bboff\u00bb][\/et_pb_button][\/et_pb_column][\/et_pb_row][\/et_pb_section]\n\n\n\n","protected":false},"excerpt":{"rendered":"<p>GSV, nueva delegaci\u00f3n de Gefico en el puerto de Vigo M\u00e1s de 40 a\u00f1os de singladura acompa\u00f1an a Gefico en la industria de la potabilizaci\u00f3n y tratamiento de aguas. Una empresa familiar que iniciaba su andadura en 1979, con el firme deseo de dar servicio al sector pesquero. Y que ha hecho de la robustez, [&hellip;]<\/p>\n","protected":false},"author":3,"featured_media":10026,"comment_status":"open","ping_status":"closed","sticky":false,"template":"","format":"standard","meta":{"_et_pb_use_builder":"on","_et_pb_old_content":"","_et_gb_content_width":"2880","_monsterinsights_skip_tracking":false,"_monsterinsights_sitenote_active":false,"_monsterinsights_sitenote_note":"","_monsterinsights_sitenote_category":0,"_uf_show_specific_survey":0,"_uf_disable_surveys":false,"_jetpack_memberships_contains_paid_content":false,"footnotes":""},"categories":[22,1],"tags":[],"class_list":["post-10007","post","type-post","status-publish","format-standard","has-post-thumbnail","hentry","category-noticias","category-uncategorized"],"yoast_head":"<!-- This site is optimized with the Yoast SEO plugin v23.8 - https:\/\/yoast.com\/wordpress\/plugins\/seo\/ -->\n<title>GSV, NUEVA DELEGACI\u00d3N DE GEFICO EN EL PUERTO DE VIGO - Gefico Enterprise<\/title>\n<meta name=\"robots\" content=\"index, follow, max-snippet:-1, max-image-preview:large, max-video-preview:-1\" \/>\n<link rel=\"canonical\" href=\"https:\/\/gefico.com\/index.php\/2020\/12\/21\/gsv-nueva-delegacion-de-gefico-en-el-puerto-de-vigo\/\" \/>\n<meta property=\"og:locale\" content=\"es_ES\" \/>\n<meta property=\"og:type\" content=\"article\" \/>\n<meta property=\"og:title\" content=\"GSV, NUEVA DELEGACI\u00d3N DE GEFICO EN EL PUERTO DE VIGO - Gefico Enterprise\" \/>\n<meta property=\"og:description\" content=\"GSV, nueva delegaci\u00f3n de Gefico en el puerto de Vigo M\u00e1s de 40 a\u00f1os de singladura acompa\u00f1an a Gefico en la industria de la potabilizaci\u00f3n y tratamiento de aguas. Una empresa familiar que iniciaba su andadura en 1979, con el firme deseo de dar servicio al sector pesquero. Y que ha hecho de la robustez, [&hellip;]\" \/>\n<meta property=\"og:url\" content=\"https:\/\/gefico.com\/index.php\/2020\/12\/21\/gsv-nueva-delegacion-de-gefico-en-el-puerto-de-vigo\/\" \/>\n<meta property=\"og:site_name\" content=\"Gefico Enterprise\" \/>\n<meta property=\"article:published_time\" content=\"2020-12-21T07:37:58+00:00\" \/>\n<meta property=\"article:modified_time\" content=\"2020-12-21T07:50:12+00:00\" \/>\n<meta property=\"og:image\" content=\"https:\/\/gefico.com\/wp-content\/uploads\/2020\/12\/Exposicion-GSV_2.jpg\" \/>\n\t<meta property=\"og:image:width\" content=\"2025\" \/>\n\t<meta property=\"og:image:height\" content=\"981\" \/>\n\t<meta property=\"og:image:type\" content=\"image\/jpeg\" \/>\n<meta name=\"author\" content=\"Vero Fuentes\" \/>\n<meta name=\"twitter:card\" content=\"summary_large_image\" \/>\n<meta name=\"twitter:label1\" content=\"Escrito por\" \/>\n\t<meta name=\"twitter:data1\" content=\"Vero Fuentes\" \/>\n\t<meta name=\"twitter:label2\" content=\"Tiempo de lectura\" \/>\n\t<meta name=\"twitter:data2\" content=\"5 minutos\" \/>\n<script type=\"application\/ld+json\" class=\"yoast-schema-graph\">{\"@context\":\"https:\/\/schema.org\",\"@graph\":[{\"@type\":\"Article\",\"@id\":\"https:\/\/gefico.com\/index.php\/2020\/12\/21\/gsv-nueva-delegacion-de-gefico-en-el-puerto-de-vigo\/#article\",\"isPartOf\":{\"@id\":\"https:\/\/gefico.com\/index.php\/2020\/12\/21\/gsv-nueva-delegacion-de-gefico-en-el-puerto-de-vigo\/\"},\"author\":{\"name\":\"Vero Fuentes\",\"@id\":\"https:\/\/gefico.com\/#\/schema\/person\/79840e6fa12e2005589749b845dd9673\"},\"headline\":\"GSV, NUEVA DELEGACI\u00d3N DE GEFICO EN EL PUERTO DE VIGO\",\"datePublished\":\"2020-12-21T07:37:58+00:00\",\"dateModified\":\"2020-12-21T07:50:12+00:00\",\"mainEntityOfPage\":{\"@id\":\"https:\/\/gefico.com\/index.php\/2020\/12\/21\/gsv-nueva-delegacion-de-gefico-en-el-puerto-de-vigo\/\"},\"wordCount\":993,\"commentCount\":0,\"publisher\":{\"@id\":\"https:\/\/gefico.com\/#organization\"},\"image\":{\"@id\":\"https:\/\/gefico.com\/index.php\/2020\/12\/21\/gsv-nueva-delegacion-de-gefico-en-el-puerto-de-vigo\/#primaryimage\"},\"thumbnailUrl\":\"https:\/\/gefico.com\/wp-content\/uploads\/2020\/12\/Exposicion-GSV_2.jpg\",\"articleSection\":[\"Noticias\",\"Uncategorized\"],\"inLanguage\":\"es\",\"potentialAction\":[{\"@type\":\"CommentAction\",\"name\":\"Comment\",\"target\":[\"https:\/\/gefico.com\/index.php\/2020\/12\/21\/gsv-nueva-delegacion-de-gefico-en-el-puerto-de-vigo\/#respond\"]}]},{\"@type\":\"WebPage\",\"@id\":\"https:\/\/gefico.com\/index.php\/2020\/12\/21\/gsv-nueva-delegacion-de-gefico-en-el-puerto-de-vigo\/\",\"url\":\"https:\/\/gefico.com\/index.php\/2020\/12\/21\/gsv-nueva-delegacion-de-gefico-en-el-puerto-de-vigo\/\",\"name\":\"GSV, NUEVA DELEGACI\u00d3N DE GEFICO EN EL PUERTO DE VIGO - Gefico Enterprise\",\"isPartOf\":{\"@id\":\"https:\/\/gefico.com\/#website\"},\"primaryImageOfPage\":{\"@id\":\"https:\/\/gefico.com\/index.php\/2020\/12\/21\/gsv-nueva-delegacion-de-gefico-en-el-puerto-de-vigo\/#primaryimage\"},\"image\":{\"@id\":\"https:\/\/gefico.com\/index.php\/2020\/12\/21\/gsv-nueva-delegacion-de-gefico-en-el-puerto-de-vigo\/#primaryimage\"},\"thumbnailUrl\":\"https:\/\/gefico.com\/wp-content\/uploads\/2020\/12\/Exposicion-GSV_2.jpg\",\"datePublished\":\"2020-12-21T07:37:58+00:00\",\"dateModified\":\"2020-12-21T07:50:12+00:00\",\"breadcrumb\":{\"@id\":\"https:\/\/gefico.com\/index.php\/2020\/12\/21\/gsv-nueva-delegacion-de-gefico-en-el-puerto-de-vigo\/#breadcrumb\"},\"inLanguage\":\"es\",\"potentialAction\":[{\"@type\":\"ReadAction\",\"target\":[\"https:\/\/gefico.com\/index.php\/2020\/12\/21\/gsv-nueva-delegacion-de-gefico-en-el-puerto-de-vigo\/\"]}]},{\"@type\":\"ImageObject\",\"inLanguage\":\"es\",\"@id\":\"https:\/\/gefico.com\/index.php\/2020\/12\/21\/gsv-nueva-delegacion-de-gefico-en-el-puerto-de-vigo\/#primaryimage\",\"url\":\"https:\/\/gefico.com\/wp-content\/uploads\/2020\/12\/Exposicion-GSV_2.jpg\",\"contentUrl\":\"https:\/\/gefico.com\/wp-content\/uploads\/2020\/12\/Exposicion-GSV_2.jpg\",\"width\":2025,\"height\":981},{\"@type\":\"BreadcrumbList\",\"@id\":\"https:\/\/gefico.com\/index.php\/2020\/12\/21\/gsv-nueva-delegacion-de-gefico-en-el-puerto-de-vigo\/#breadcrumb\",\"itemListElement\":[{\"@type\":\"ListItem\",\"position\":1,\"name\":\"Home\",\"item\":\"https:\/\/gefico.com\/\"},{\"@type\":\"ListItem\",\"position\":2,\"name\":\"GSV, NUEVA DELEGACI\u00d3N DE GEFICO EN EL PUERTO DE VIGO\"}]},{\"@type\":\"WebSite\",\"@id\":\"https:\/\/gefico.com\/#website\",\"url\":\"https:\/\/gefico.com\/\",\"name\":\"Gefico Enterprise\",\"description\":\"Water Solutions\",\"publisher\":{\"@id\":\"https:\/\/gefico.com\/#organization\"},\"potentialAction\":[{\"@type\":\"SearchAction\",\"target\":{\"@type\":\"EntryPoint\",\"urlTemplate\":\"https:\/\/gefico.com\/?s={search_term_string}\"},\"query-input\":{\"@type\":\"PropertyValueSpecification\",\"valueRequired\":true,\"valueName\":\"search_term_string\"}}],\"inLanguage\":\"es\"},{\"@type\":\"Organization\",\"@id\":\"https:\/\/gefico.com\/#organization\",\"name\":\"Gefico Enterprise S.L.\",\"url\":\"https:\/\/gefico.com\/\",\"logo\":{\"@type\":\"ImageObject\",\"inLanguage\":\"es\",\"@id\":\"https:\/\/gefico.com\/#\/schema\/logo\/image\/\",\"url\":\"https:\/\/gefico.com\/wp-content\/uploads\/2020\/07\/gefico_logo.png\",\"contentUrl\":\"https:\/\/gefico.com\/wp-content\/uploads\/2020\/07\/gefico_logo.png\",\"width\":2240,\"height\":797,\"caption\":\"Gefico Enterprise S.L.\"},\"image\":{\"@id\":\"https:\/\/gefico.com\/#\/schema\/logo\/image\/\"},\"sameAs\":[\"https:\/\/www.instagram.com\/geficowatermakers\",\"https:\/\/www.linkedin.com\/company\/gefico\/\"]},{\"@type\":\"Person\",\"@id\":\"https:\/\/gefico.com\/#\/schema\/person\/79840e6fa12e2005589749b845dd9673\",\"name\":\"Vero Fuentes\",\"image\":{\"@type\":\"ImageObject\",\"inLanguage\":\"es\",\"@id\":\"https:\/\/gefico.com\/#\/schema\/person\/image\/\",\"url\":\"https:\/\/secure.gravatar.com\/avatar\/3421948d8edfc849fdc732d0d6fd82f1?s=96&d=mm&r=g\",\"contentUrl\":\"https:\/\/secure.gravatar.com\/avatar\/3421948d8edfc849fdc732d0d6fd82f1?s=96&d=mm&r=g\",\"caption\":\"Vero Fuentes\"}}]}<\/script>\n<!-- \/ Yoast SEO plugin. -->","yoast_head_json":{"title":"GSV, NUEVA DELEGACI\u00d3N DE GEFICO EN EL PUERTO DE VIGO - Gefico Enterprise","robots":{"index":"index","follow":"follow","max-snippet":"max-snippet:-1","max-image-preview":"max-image-preview:large","max-video-preview":"max-video-preview:-1"},"canonical":"https:\/\/gefico.com\/index.php\/2020\/12\/21\/gsv-nueva-delegacion-de-gefico-en-el-puerto-de-vigo\/","og_locale":"es_ES","og_type":"article","og_title":"GSV, NUEVA DELEGACI\u00d3N DE GEFICO EN EL PUERTO DE VIGO - Gefico Enterprise","og_description":"GSV, nueva delegaci\u00f3n de Gefico en el puerto de Vigo M\u00e1s de 40 a\u00f1os de singladura acompa\u00f1an a Gefico en la industria de la potabilizaci\u00f3n y tratamiento de aguas. Una empresa familiar que iniciaba su andadura en 1979, con el firme deseo de dar servicio al sector pesquero. Y que ha hecho de la robustez, [&hellip;]","og_url":"https:\/\/gefico.com\/index.php\/2020\/12\/21\/gsv-nueva-delegacion-de-gefico-en-el-puerto-de-vigo\/","og_site_name":"Gefico Enterprise","article_published_time":"2020-12-21T07:37:58+00:00","article_modified_time":"2020-12-21T07:50:12+00:00","og_image":[{"width":2025,"height":981,"url":"https:\/\/gefico.com\/wp-content\/uploads\/2020\/12\/Exposicion-GSV_2.jpg","type":"image\/jpeg"}],"author":"Vero Fuentes","twitter_card":"summary_large_image","twitter_misc":{"Escrito por":"Vero Fuentes","Tiempo de lectura":"5 minutos"},"schema":{"@context":"https:\/\/schema.org","@graph":[{"@type":"Article","@id":"https:\/\/gefico.com\/index.php\/2020\/12\/21\/gsv-nueva-delegacion-de-gefico-en-el-puerto-de-vigo\/#article","isPartOf":{"@id":"https:\/\/gefico.com\/index.php\/2020\/12\/21\/gsv-nueva-delegacion-de-gefico-en-el-puerto-de-vigo\/"},"author":{"name":"Vero Fuentes","@id":"https:\/\/gefico.com\/#\/schema\/person\/79840e6fa12e2005589749b845dd9673"},"headline":"GSV, NUEVA DELEGACI\u00d3N DE GEFICO EN EL PUERTO DE VIGO","datePublished":"2020-12-21T07:37:58+00:00","dateModified":"2020-12-21T07:50:12+00:00","mainEntityOfPage":{"@id":"https:\/\/gefico.com\/index.php\/2020\/12\/21\/gsv-nueva-delegacion-de-gefico-en-el-puerto-de-vigo\/"},"wordCount":993,"commentCount":0,"publisher":{"@id":"https:\/\/gefico.com\/#organization"},"image":{"@id":"https:\/\/gefico.com\/index.php\/2020\/12\/21\/gsv-nueva-delegacion-de-gefico-en-el-puerto-de-vigo\/#primaryimage"},"thumbnailUrl":"https:\/\/gefico.com\/wp-content\/uploads\/2020\/12\/Exposicion-GSV_2.jpg","articleSection":["Noticias","Uncategorized"],"inLanguage":"es","potentialAction":[{"@type":"CommentAction","name":"Comment","target":["https:\/\/gefico.com\/index.php\/2020\/12\/21\/gsv-nueva-delegacion-de-gefico-en-el-puerto-de-vigo\/#respond"]}]},{"@type":"WebPage","@id":"https:\/\/gefico.com\/index.php\/2020\/12\/21\/gsv-nueva-delegacion-de-gefico-en-el-puerto-de-vigo\/","url":"https:\/\/gefico.com\/index.php\/2020\/12\/21\/gsv-nueva-delegacion-de-gefico-en-el-puerto-de-vigo\/","name":"GSV, NUEVA DELEGACI\u00d3N DE GEFICO EN EL PUERTO DE VIGO - Gefico Enterprise","isPartOf":{"@id":"https:\/\/gefico.com\/#website"},"primaryImageOfPage":{"@id":"https:\/\/gefico.com\/index.php\/2020\/12\/21\/gsv-nueva-delegacion-de-gefico-en-el-puerto-de-vigo\/#primaryimage"},"image":{"@id":"https:\/\/gefico.com\/index.php\/2020\/12\/21\/gsv-nueva-delegacion-de-gefico-en-el-puerto-de-vigo\/#primaryimage"},"thumbnailUrl":"https:\/\/gefico.com\/wp-content\/uploads\/2020\/12\/Exposicion-GSV_2.jpg","datePublished":"2020-12-21T07:37:58+00:00","dateModified":"2020-12-21T07:50:12+00:00","breadcrumb":{"@id":"https:\/\/gefico.com\/index.php\/2020\/12\/21\/gsv-nueva-delegacion-de-gefico-en-el-puerto-de-vigo\/#breadcrumb"},"inLanguage":"es","potentialAction":[{"@type":"ReadAction","target":["https:\/\/gefico.com\/index.php\/2020\/12\/21\/gsv-nueva-delegacion-de-gefico-en-el-puerto-de-vigo\/"]}]},{"@type":"ImageObject","inLanguage":"es","@id":"https:\/\/gefico.com\/index.php\/2020\/12\/21\/gsv-nueva-delegacion-de-gefico-en-el-puerto-de-vigo\/#primaryimage","url":"https:\/\/gefico.com\/wp-content\/uploads\/2020\/12\/Exposicion-GSV_2.jpg","contentUrl":"https:\/\/gefico.com\/wp-content\/uploads\/2020\/12\/Exposicion-GSV_2.jpg","width":2025,"height":981},{"@type":"BreadcrumbList","@id":"https:\/\/gefico.com\/index.php\/2020\/12\/21\/gsv-nueva-delegacion-de-gefico-en-el-puerto-de-vigo\/#breadcrumb","itemListElement":[{"@type":"ListItem","position":1,"name":"Home","item":"https:\/\/gefico.com\/"},{"@type":"ListItem","position":2,"name":"GSV, NUEVA DELEGACI\u00d3N DE GEFICO EN EL PUERTO DE VIGO"}]},{"@type":"WebSite","@id":"https:\/\/gefico.com\/#website","url":"https:\/\/gefico.com\/","name":"Gefico Enterprise","description":"Water Solutions","publisher":{"@id":"https:\/\/gefico.com\/#organization"},"potentialAction":[{"@type":"SearchAction","target":{"@type":"EntryPoint","urlTemplate":"https:\/\/gefico.com\/?s={search_term_string}"},"query-input":{"@type":"PropertyValueSpecification","valueRequired":true,"valueName":"search_term_string"}}],"inLanguage":"es"},{"@type":"Organization","@id":"https:\/\/gefico.com\/#organization","name":"Gefico Enterprise S.L.","url":"https:\/\/gefico.com\/","logo":{"@type":"ImageObject","inLanguage":"es","@id":"https:\/\/gefico.com\/#\/schema\/logo\/image\/","url":"https:\/\/gefico.com\/wp-content\/uploads\/2020\/07\/gefico_logo.png","contentUrl":"https:\/\/gefico.com\/wp-content\/uploads\/2020\/07\/gefico_logo.png","width":2240,"height":797,"caption":"Gefico Enterprise S.L."},"image":{"@id":"https:\/\/gefico.com\/#\/schema\/logo\/image\/"},"sameAs":["https:\/\/www.instagram.com\/geficowatermakers","https:\/\/www.linkedin.com\/company\/gefico\/"]},{"@type":"Person","@id":"https:\/\/gefico.com\/#\/schema\/person\/79840e6fa12e2005589749b845dd9673","name":"Vero Fuentes","image":{"@type":"ImageObject","inLanguage":"es","@id":"https:\/\/gefico.com\/#\/schema\/person\/image\/","url":"https:\/\/secure.gravatar.com\/avatar\/3421948d8edfc849fdc732d0d6fd82f1?s=96&d=mm&r=g","contentUrl":"https:\/\/secure.gravatar.com\/avatar\/3421948d8edfc849fdc732d0d6fd82f1?s=96&d=mm&r=g","caption":"Vero Fuentes"}}]}},"jetpack_sharing_enabled":true,"jetpack_featured_media_url":"https:\/\/gefico.com\/wp-content\/uploads\/2020\/12\/Exposicion-GSV_2.jpg","_links":{"self":[{"href":"https:\/\/gefico.com\/index.php\/wp-json\/wp\/v2\/posts\/10007","targetHints":{"allow":["GET"]}}],"collection":[{"href":"https:\/\/gefico.com\/index.php\/wp-json\/wp\/v2\/posts"}],"about":[{"href":"https:\/\/gefico.com\/index.php\/wp-json\/wp\/v2\/types\/post"}],"author":[{"embeddable":true,"href":"https:\/\/gefico.com\/index.php\/wp-json\/wp\/v2\/users\/3"}],"replies":[{"embeddable":true,"href":"https:\/\/gefico.com\/index.php\/wp-json\/wp\/v2\/comments?post=10007"}],"version-history":[{"count":8,"href":"https:\/\/gefico.com\/index.php\/wp-json\/wp\/v2\/posts\/10007\/revisions"}],"predecessor-version":[{"id":10041,"href":"https:\/\/gefico.com\/index.php\/wp-json\/wp\/v2\/posts\/10007\/revisions\/10041"}],"wp:featuredmedia":[{"embeddable":true,"href":"https:\/\/gefico.com\/index.php\/wp-json\/wp\/v2\/media\/10026"}],"wp:attachment":[{"href":"https:\/\/gefico.com\/index.php\/wp-json\/wp\/v2\/media?parent=10007"}],"wp:term":[{"taxonomy":"category","embeddable":true,"href":"https:\/\/gefico.com\/index.php\/wp-json\/wp\/v2\/categories?post=10007"},{"taxonomy":"post_tag","embeddable":true,"href":"https:\/\/gefico.com\/index.php\/wp-json\/wp\/v2\/tags?post=10007"}],"curies":[{"name":"wp","href":"https:\/\/api.w.org\/{rel}","templated":true}]}}